{"id":290,"date":"2025-05-07T13:41:40","date_gmt":"2025-05-07T16:41:40","guid":{"rendered":"https:\/\/psicologaingridavila.com.ar\/inicio\/?p=290"},"modified":"2025-05-07T13:49:09","modified_gmt":"2025-05-07T16:49:09","slug":"cuando-el-cuerpo-grita-y-la-mente-corre-entendiendo-la-ansiedad-y-el-panico","status":"publish","type":"post","link":"https:\/\/psicologaingridavila.com.ar\/inicio\/cuando-el-cuerpo-grita-y-la-mente-corre-entendiendo-la-ansiedad-y-el-panico\/","title":{"rendered":"El Observador Nacional: Cuando el cuerpo grita y la mente corre; entendiendo la ansiedad y el p\u00e1nico"},"content":{"rendered":"<p><img fetchpriority=\"high\" decoding=\"async\" class=\"size-medium wp-image-291 alignright\" src=\"https:\/\/psicologaingridavila.com.ar\/inicio\/wp-content\/uploads\/2025\/05\/WhatsApp-Image-2025-05-06-at-15.36.31-240x300.jpeg\" alt=\"\" width=\"240\" height=\"300\" srcset=\"https:\/\/psicologaingridavila.com.ar\/inicio\/wp-content\/uploads\/2025\/05\/WhatsApp-Image-2025-05-06-at-15.36.31-240x300.jpeg 240w, https:\/\/psicologaingridavila.com.ar\/inicio\/wp-content\/uploads\/2025\/05\/WhatsApp-Image-2025-05-06-at-15.36.31-819x1024.jpeg 819w, https:\/\/psicologaingridavila.com.ar\/inicio\/wp-content\/uploads\/2025\/05\/WhatsApp-Image-2025-05-06-at-15.36.31-768x960.jpeg 768w, https:\/\/psicologaingridavila.com.ar\/inicio\/wp-content\/uploads\/2025\/05\/WhatsApp-Image-2025-05-06-at-15.36.31.jpeg 1024w\" sizes=\"(max-width: 240px) 100vw, 240px\" \/><\/p>\n<p>La ansiedad y el p\u00e1nico pueden resultar abrumadores, ya que generan la sensaci\u00f3n de que el peligro est\u00e1 en todas partes, incluso cuando no es as\u00ed. Esto ocurre porque quienes experimentan estas emociones tienden a enfocarse excesivamente en las sensaciones internas de su cuerpo, dejando de prestar atenci\u00f3n a lo que sucede a su alrededor. Es como si sus pensamientos y percepciones tomaran el control, bas\u00e1ndose m\u00e1s en recuerdos de peligro que en la realidad del momento presente.<\/p>\n<p>Podes leer la nota completa haciendo click <a href=\"https:\/\/elobservadornacional.com\/mexico\/cuando-el-cuerpo-grita-y-la-mente-corre-entendiendo-la-ansiedad-y-el-panico\/\">aqu\u00ed<\/a>.<\/p>\n","protected":false},"excerpt":{"rendered":"<p>La ansiedad y el p\u00e1nico pueden resultar abrumadores, ya que generan la sensaci\u00f3n de que el peligro est\u00e1 en todas partes, incluso cuando no es as\u00ed. Esto ocurre porque quienes experimentan estas emociones tienden a enfocarse excesivamente en las sensaciones internas de su cuerpo, dejando de prestar atenci\u00f3n a lo que sucede a su alrededor. [&hellip;]<\/p>\n","protected":false},"author":2,"featured_media":0,"comment_status":"closed","ping_status":"open","sticky":false,"template":"","format":"standard","meta":{"_joinchat":[],"footnotes":""},"categories":[1],"tags":[],"class_list":["post-290","post","type-post","status-publish","format-standard","hentry","category-sin-categoria"],"yoast_head":"<!-- This site is optimized with the Yoast SEO plugin v23.9 - https:\/\/yoast.com\/wordpress\/plugins\/seo\/ -->\n<title>El Observador Nacional: Cuando el cuerpo grita y la mente corre; entendiendo la ansiedad y el p\u00e1nico - Psicologa Ingrid Avila<\/title>\n<meta name=\"robots\" content=\"index, follow, max-snippet:-1, max-image-preview:large, max-video-preview:-1\" \/>\n<link rel=\"canonical\" href=\"https:\/\/psicologaingridavila.com.ar\/inicio\/cuando-el-cuerpo-grita-y-la-mente-corre-entendiendo-la-ansiedad-y-el-panico\/\" \/>\n<meta property=\"og:locale\" content=\"es_ES\" \/>\n<meta property=\"og:type\" content=\"article\" \/>\n<meta property=\"og:title\" content=\"El Observador Nacional: Cuando el cuerpo grita y la mente corre; entendiendo la ansiedad y el p\u00e1nico - Psicologa Ingrid Avila\" \/>\n<meta property=\"og:description\" content=\"La ansiedad y el p\u00e1nico pueden resultar abrumadores, ya que generan la sensaci\u00f3n de que el peligro est\u00e1 en todas partes, incluso cuando no es as\u00ed. Esto ocurre porque quienes experimentan estas emociones tienden a enfocarse excesivamente en las sensaciones internas de su cuerpo, dejando de prestar atenci\u00f3n a lo que sucede a su alrededor. [&hellip;]\" \/>\n<meta property=\"og:url\" content=\"https:\/\/psicologaingridavila.com.ar\/inicio\/cuando-el-cuerpo-grita-y-la-mente-corre-entendiendo-la-ansiedad-y-el-panico\/\" \/>\n<meta property=\"og:site_name\" content=\"Psicologa Ingrid Avila\" \/>\n<meta property=\"article:published_time\" content=\"2025-05-07T16:41:40+00:00\" \/>\n<meta property=\"article:modified_time\" content=\"2025-05-07T16:49:09+00:00\" \/>\n<meta property=\"og:image\" content=\"https:\/\/psicologaingridavila.com.ar\/inicio\/wp-content\/uploads\/2025\/05\/WhatsApp-Image-2025-05-06-at-15.36.31.jpeg\" \/>\n\t<meta property=\"og:image:width\" content=\"1024\" \/>\n\t<meta property=\"og:image:height\" content=\"1280\" \/>\n\t<meta property=\"og:image:type\" content=\"image\/jpeg\" \/>\n<meta name=\"author\" content=\"c1511928\" \/>\n<meta name=\"twitter:card\" content=\"summary_large_image\" \/>\n<meta name=\"twitter:label1\" content=\"Escrito por\" \/>\n\t<meta name=\"twitter:data1\" content=\"c1511928\" \/>\n\t<meta name=\"twitter:label2\" content=\"Tiempo de lectura\" \/>\n\t<meta name=\"twitter:data2\" content=\"1 minuto\" \/>\n<script type=\"application\/ld+json\" class=\"yoast-schema-graph\">{\"@context\":\"https:\/\/schema.org\",\"@graph\":[{\"@type\":\"Article\",\"@id\":\"https:\/\/psicologaingridavila.com.ar\/inicio\/cuando-el-cuerpo-grita-y-la-mente-corre-entendiendo-la-ansiedad-y-el-panico\/#article\",\"isPartOf\":{\"@id\":\"https:\/\/psicologaingridavila.com.ar\/inicio\/cuando-el-cuerpo-grita-y-la-mente-corre-entendiendo-la-ansiedad-y-el-panico\/\"},\"author\":{\"name\":\"c1511928\",\"@id\":\"https:\/\/psicologaingridavila.com.ar\/inicio\/#\/schema\/person\/8bc976c5189bc33a0370f7e5f9fc5d59\"},\"headline\":\"El Observador Nacional: Cuando el cuerpo grita y la mente corre; entendiendo la ansiedad y el p\u00e1nico\",\"datePublished\":\"2025-05-07T16:41:40+00:00\",\"dateModified\":\"2025-05-07T16:49:09+00:00\",\"mainEntityOfPage\":{\"@id\":\"https:\/\/psicologaingridavila.com.ar\/inicio\/cuando-el-cuerpo-grita-y-la-mente-corre-entendiendo-la-ansiedad-y-el-panico\/\"},\"wordCount\":109,\"publisher\":{\"@id\":\"https:\/\/psicologaingridavila.com.ar\/inicio\/#\/schema\/person\/8bc976c5189bc33a0370f7e5f9fc5d59\"},\"image\":{\"@id\":\"https:\/\/psicologaingridavila.com.ar\/inicio\/cuando-el-cuerpo-grita-y-la-mente-corre-entendiendo-la-ansiedad-y-el-panico\/#primaryimage\"},\"thumbnailUrl\":\"https:\/\/psicologaingridavila.com.ar\/inicio\/wp-content\/uploads\/2025\/05\/WhatsApp-Image-2025-05-06-at-15.36.31-240x300.jpeg\",\"inLanguage\":\"es\"},{\"@type\":\"WebPage\",\"@id\":\"https:\/\/psicologaingridavila.com.ar\/inicio\/cuando-el-cuerpo-grita-y-la-mente-corre-entendiendo-la-ansiedad-y-el-panico\/\",\"url\":\"https:\/\/psicologaingridavila.com.ar\/inicio\/cuando-el-cuerpo-grita-y-la-mente-corre-entendiendo-la-ansiedad-y-el-panico\/\",\"name\":\"El Observador Nacional: Cuando el cuerpo grita y la mente corre; entendiendo la ansiedad y el p\u00e1nico - Psicologa Ingrid Avila\",\"isPartOf\":{\"@id\":\"https:\/\/psicologaingridavila.com.ar\/inicio\/#website\"},\"primaryImageOfPage\":{\"@id\":\"https:\/\/psicologaingridavila.com.ar\/inicio\/cuando-el-cuerpo-grita-y-la-mente-corre-entendiendo-la-ansiedad-y-el-panico\/#primaryimage\"},\"image\":{\"@id\":\"https:\/\/psicologaingridavila.com.ar\/inicio\/cuando-el-cuerpo-grita-y-la-mente-corre-entendiendo-la-ansiedad-y-el-panico\/#primaryimage\"},\"thumbnailUrl\":\"https:\/\/psicologaingridavila.com.ar\/inicio\/wp-content\/uploads\/2025\/05\/WhatsApp-Image-2025-05-06-at-15.36.31-240x300.jpeg\",\"datePublished\":\"2025-05-07T16:41:40+00:00\",\"dateModified\":\"2025-05-07T16:49:09+00:00\",\"breadcrumb\":{\"@id\":\"https:\/\/psicologaingridavila.com.ar\/inicio\/cuando-el-cuerpo-grita-y-la-mente-corre-entendiendo-la-ansiedad-y-el-panico\/#breadcrumb\"},\"inLanguage\":\"es\",\"potentialAction\":[{\"@type\":\"ReadAction\",\"target\":[\"https:\/\/psicologaingridavila.com.ar\/inicio\/cuando-el-cuerpo-grita-y-la-mente-corre-entendiendo-la-ansiedad-y-el-panico\/\"]}]},{\"@type\":\"ImageObject\",\"inLanguage\":\"es\",\"@id\":\"https:\/\/psicologaingridavila.com.ar\/inicio\/cuando-el-cuerpo-grita-y-la-mente-corre-entendiendo-la-ansiedad-y-el-panico\/#primaryimage\",\"url\":\"https:\/\/psicologaingridavila.com.ar\/inicio\/wp-content\/uploads\/2025\/05\/WhatsApp-Image-2025-05-06-at-15.36.31.jpeg\",\"contentUrl\":\"https:\/\/psicologaingridavila.com.ar\/inicio\/wp-content\/uploads\/2025\/05\/WhatsApp-Image-2025-05-06-at-15.36.31.jpeg\",\"width\":1024,\"height\":1280},{\"@type\":\"BreadcrumbList\",\"@id\":\"https:\/\/psicologaingridavila.com.ar\/inicio\/cuando-el-cuerpo-grita-y-la-mente-corre-entendiendo-la-ansiedad-y-el-panico\/#breadcrumb\",\"itemListElement\":[{\"@type\":\"ListItem\",\"position\":1,\"name\":\"Portada\",\"item\":\"https:\/\/psicologaingridavila.com.ar\/inicio\/\"},{\"@type\":\"ListItem\",\"position\":2,\"name\":\"El Observador Nacional: Cuando el cuerpo grita y la mente corre; entendiendo la ansiedad y el p\u00e1nico\"}]},{\"@type\":\"WebSite\",\"@id\":\"https:\/\/psicologaingridavila.com.ar\/inicio\/#website\",\"url\":\"https:\/\/psicologaingridavila.com.ar\/inicio\/\",\"name\":\"Psicologa Ingrid Avila\",\"description\":\"Psicologa Clinica\",\"publisher\":{\"@id\":\"https:\/\/psicologaingridavila.com.ar\/inicio\/#\/schema\/person\/8bc976c5189bc33a0370f7e5f9fc5d59\"},\"potentialAction\":[{\"@type\":\"SearchAction\",\"target\":{\"@type\":\"EntryPoint\",\"urlTemplate\":\"https:\/\/psicologaingridavila.com.ar\/inicio\/?s={search_term_string}\"},\"query-input\":{\"@type\":\"PropertyValueSpecification\",\"valueRequired\":true,\"valueName\":\"search_term_string\"}}],\"inLanguage\":\"es\"},{\"@type\":[\"Person\",\"Organization\"],\"@id\":\"https:\/\/psicologaingridavila.com.ar\/inicio\/#\/schema\/person\/8bc976c5189bc33a0370f7e5f9fc5d59\",\"name\":\"c1511928\",\"image\":{\"@type\":\"ImageObject\",\"inLanguage\":\"es\",\"@id\":\"https:\/\/psicologaingridavila.com.ar\/inicio\/#\/schema\/person\/image\/\",\"url\":\"https:\/\/psicologaingridavila.com.ar\/inicio\/wp-content\/uploads\/2024\/08\/Ingrid-Logo-letras.png\",\"contentUrl\":\"https:\/\/psicologaingridavila.com.ar\/inicio\/wp-content\/uploads\/2024\/08\/Ingrid-Logo-letras.png\",\"width\":631,\"height\":162,\"caption\":\"c1511928\"},\"logo\":{\"@id\":\"https:\/\/psicologaingridavila.com.ar\/inicio\/#\/schema\/person\/image\/\"},\"url\":\"https:\/\/psicologaingridavila.com.ar\/inicio\/author\/c1511928\/\"}]}<\/script>\n<!-- \/ Yoast SEO plugin. -->","yoast_head_json":{"title":"El Observador Nacional: Cuando el cuerpo grita y la mente corre; entendiendo la ansiedad y el p\u00e1nico - Psicologa Ingrid Avila","robots":{"index":"index","follow":"follow","max-snippet":"max-snippet:-1","max-image-preview":"max-image-preview:large","max-video-preview":"max-video-preview:-1"},"canonical":"https:\/\/psicologaingridavila.com.ar\/inicio\/cuando-el-cuerpo-grita-y-la-mente-corre-entendiendo-la-ansiedad-y-el-panico\/","og_locale":"es_ES","og_type":"article","og_title":"El Observador Nacional: Cuando el cuerpo grita y la mente corre; entendiendo la ansiedad y el p\u00e1nico - Psicologa Ingrid Avila","og_description":"La ansiedad y el p\u00e1nico pueden resultar abrumadores, ya que generan la sensaci\u00f3n de que el peligro est\u00e1 en todas partes, incluso cuando no es as\u00ed. Esto ocurre porque quienes experimentan estas emociones tienden a enfocarse excesivamente en las sensaciones internas de su cuerpo, dejando de prestar atenci\u00f3n a lo que sucede a su alrededor. [&hellip;]","og_url":"https:\/\/psicologaingridavila.com.ar\/inicio\/cuando-el-cuerpo-grita-y-la-mente-corre-entendiendo-la-ansiedad-y-el-panico\/","og_site_name":"Psicologa Ingrid Avila","article_published_time":"2025-05-07T16:41:40+00:00","article_modified_time":"2025-05-07T16:49:09+00:00","og_image":[{"width":1024,"height":1280,"url":"https:\/\/psicologaingridavila.com.ar\/inicio\/wp-content\/uploads\/2025\/05\/WhatsApp-Image-2025-05-06-at-15.36.31.jpeg","type":"image\/jpeg"}],"author":"c1511928","twitter_card":"summary_large_image","twitter_misc":{"Escrito por":"c1511928","Tiempo de lectura":"1 minuto"},"schema":{"@context":"https:\/\/schema.org","@graph":[{"@type":"Article","@id":"https:\/\/psicologaingridavila.com.ar\/inicio\/cuando-el-cuerpo-grita-y-la-mente-corre-entendiendo-la-ansiedad-y-el-panico\/#article","isPartOf":{"@id":"https:\/\/psicologaingridavila.com.ar\/inicio\/cuando-el-cuerpo-grita-y-la-mente-corre-entendiendo-la-ansiedad-y-el-panico\/"},"author":{"name":"c1511928","@id":"https:\/\/psicologaingridavila.com.ar\/inicio\/#\/schema\/person\/8bc976c5189bc33a0370f7e5f9fc5d59"},"headline":"El Observador Nacional: Cuando el cuerpo grita y la mente corre; entendiendo la ansiedad y el p\u00e1nico","datePublished":"2025-05-07T16:41:40+00:00","dateModified":"2025-05-07T16:49:09+00:00","mainEntityOfPage":{"@id":"https:\/\/psicologaingridavila.com.ar\/inicio\/cuando-el-cuerpo-grita-y-la-mente-corre-entendiendo-la-ansiedad-y-el-panico\/"},"wordCount":109,"publisher":{"@id":"https:\/\/psicologaingridavila.com.ar\/inicio\/#\/schema\/person\/8bc976c5189bc33a0370f7e5f9fc5d59"},"image":{"@id":"https:\/\/psicologaingridavila.com.ar\/inicio\/cuando-el-cuerpo-grita-y-la-mente-corre-entendiendo-la-ansiedad-y-el-panico\/#primaryimage"},"thumbnailUrl":"https:\/\/psicologaingridavila.com.ar\/inicio\/wp-content\/uploads\/2025\/05\/WhatsApp-Image-2025-05-06-at-15.36.31-240x300.jpeg","inLanguage":"es"},{"@type":"WebPage","@id":"https:\/\/psicologaingridavila.com.ar\/inicio\/cuando-el-cuerpo-grita-y-la-mente-corre-entendiendo-la-ansiedad-y-el-panico\/","url":"https:\/\/psicologaingridavila.com.ar\/inicio\/cuando-el-cuerpo-grita-y-la-mente-corre-entendiendo-la-ansiedad-y-el-panico\/","name":"El Observador Nacional: Cuando el cuerpo grita y la mente corre; entendiendo la ansiedad y el p\u00e1nico - Psicologa Ingrid Avila","isPartOf":{"@id":"https:\/\/psicologaingridavila.com.ar\/inicio\/#website"},"primaryImageOfPage":{"@id":"https:\/\/psicologaingridavila.com.ar\/inicio\/cuando-el-cuerpo-grita-y-la-mente-corre-entendiendo-la-ansiedad-y-el-panico\/#primaryimage"},"image":{"@id":"https:\/\/psicologaingridavila.com.ar\/inicio\/cuando-el-cuerpo-grita-y-la-mente-corre-entendiendo-la-ansiedad-y-el-panico\/#primaryimage"},"thumbnailUrl":"https:\/\/psicologaingridavila.com.ar\/inicio\/wp-content\/uploads\/2025\/05\/WhatsApp-Image-2025-05-06-at-15.36.31-240x300.jpeg","datePublished":"2025-05-07T16:41:40+00:00","dateModified":"2025-05-07T16:49:09+00:00","breadcrumb":{"@id":"https:\/\/psicologaingridavila.com.ar\/inicio\/cuando-el-cuerpo-grita-y-la-mente-corre-entendiendo-la-ansiedad-y-el-panico\/#breadcrumb"},"inLanguage":"es","potentialAction":[{"@type":"ReadAction","target":["https:\/\/psicologaingridavila.com.ar\/inicio\/cuando-el-cuerpo-grita-y-la-mente-corre-entendiendo-la-ansiedad-y-el-panico\/"]}]},{"@type":"ImageObject","inLanguage":"es","@id":"https:\/\/psicologaingridavila.com.ar\/inicio\/cuando-el-cuerpo-grita-y-la-mente-corre-entendiendo-la-ansiedad-y-el-panico\/#primaryimage","url":"https:\/\/psicologaingridavila.com.ar\/inicio\/wp-content\/uploads\/2025\/05\/WhatsApp-Image-2025-05-06-at-15.36.31.jpeg","contentUrl":"https:\/\/psicologaingridavila.com.ar\/inicio\/wp-content\/uploads\/2025\/05\/WhatsApp-Image-2025-05-06-at-15.36.31.jpeg","width":1024,"height":1280},{"@type":"BreadcrumbList","@id":"https:\/\/psicologaingridavila.com.ar\/inicio\/cuando-el-cuerpo-grita-y-la-mente-corre-entendiendo-la-ansiedad-y-el-panico\/#breadcrumb","itemListElement":[{"@type":"ListItem","position":1,"name":"Portada","item":"https:\/\/psicologaingridavila.com.ar\/inicio\/"},{"@type":"ListItem","position":2,"name":"El Observador Nacional: Cuando el cuerpo grita y la mente corre; entendiendo la ansiedad y el p\u00e1nico"}]},{"@type":"WebSite","@id":"https:\/\/psicologaingridavila.com.ar\/inicio\/#website","url":"https:\/\/psicologaingridavila.com.ar\/inicio\/","name":"Psicologa Ingrid Avila","description":"Psicologa Clinica","publisher":{"@id":"https:\/\/psicologaingridavila.com.ar\/inicio\/#\/schema\/person\/8bc976c5189bc33a0370f7e5f9fc5d59"},"potentialAction":[{"@type":"SearchAction","target":{"@type":"EntryPoint","urlTemplate":"https:\/\/psicologaingridavila.com.ar\/inicio\/?s={search_term_string}"},"query-input":{"@type":"PropertyValueSpecification","valueRequired":true,"valueName":"search_term_string"}}],"inLanguage":"es"},{"@type":["Person","Organization"],"@id":"https:\/\/psicologaingridavila.com.ar\/inicio\/#\/schema\/person\/8bc976c5189bc33a0370f7e5f9fc5d59","name":"c1511928","image":{"@type":"ImageObject","inLanguage":"es","@id":"https:\/\/psicologaingridavila.com.ar\/inicio\/#\/schema\/person\/image\/","url":"https:\/\/psicologaingridavila.com.ar\/inicio\/wp-content\/uploads\/2024\/08\/Ingrid-Logo-letras.png","contentUrl":"https:\/\/psicologaingridavila.com.ar\/inicio\/wp-content\/uploads\/2024\/08\/Ingrid-Logo-letras.png","width":631,"height":162,"caption":"c1511928"},"logo":{"@id":"https:\/\/psicologaingridavila.com.ar\/inicio\/#\/schema\/person\/image\/"},"url":"https:\/\/psicologaingridavila.com.ar\/inicio\/author\/c1511928\/"}]}},"_links":{"self":[{"href":"https:\/\/psicologaingridavila.com.ar\/inicio\/wp-json\/wp\/v2\/posts\/290","targetHints":{"allow":["GET"]}}],"collection":[{"href":"https:\/\/psicologaingridavila.com.ar\/inicio\/wp-json\/wp\/v2\/posts"}],"about":[{"href":"https:\/\/psicologaingridavila.com.ar\/inicio\/wp-json\/wp\/v2\/types\/post"}],"author":[{"embeddable":true,"href":"https:\/\/psicologaingridavila.com.ar\/inicio\/wp-json\/wp\/v2\/users\/2"}],"replies":[{"embeddable":true,"href":"https:\/\/psicologaingridavila.com.ar\/inicio\/wp-json\/wp\/v2\/comments?post=290"}],"version-history":[{"count":2,"href":"https:\/\/psicologaingridavila.com.ar\/inicio\/wp-json\/wp\/v2\/posts\/290\/revisions"}],"predecessor-version":[{"id":298,"href":"https:\/\/psicologaingridavila.com.ar\/inicio\/wp-json\/wp\/v2\/posts\/290\/revisions\/298"}],"wp:attachment":[{"href":"https:\/\/psicologaingridavila.com.ar\/inicio\/wp-json\/wp\/v2\/media?parent=290"}],"wp:term":[{"taxonomy":"category","embeddable":true,"href":"https:\/\/psicologaingridavila.com.ar\/inicio\/wp-json\/wp\/v2\/categories?post=290"},{"taxonomy":"post_tag","embeddable":true,"href":"https:\/\/psicologaingridavila.com.ar\/inicio\/wp-json\/wp\/v2\/tags?post=290"}],"curies":[{"name":"wp","href":"https:\/\/api.w.org\/{rel}","templated":true}]}}